{"id":6692,"date":"2025-07-26T13:26:56","date_gmt":"2025-07-26T13:26:56","guid":{"rendered":"https:\/\/la-starna.com\/?p=6692"},"modified":"2025-07-26T13:33:34","modified_gmt":"2025-07-26T13:33:34","slug":"waldschnepfenjagd-an-drei-standorten-pester-plateau-vlasina-und-blace-reservat","status":"publish","type":"post","link":"https:\/\/la-starna.com\/?p=6692&lang=de","title":{"rendered":"Waldschnepfenjagd an drei Standorten: Pester-Plateau, Vlasina und Blace-Reservat"},"content":{"rendered":"<h5 style=\"text-align: justify;\"><span style=\"font-family: georgia, palatino, serif; font-size: 20px;\"><strong>Waldschnepfenjagd 01.10.\u201301.02.<\/strong><\/span><\/h5>\n<h5 style=\"text-align: justify;\"><span style=\"font-family: georgia, palatino, serif; font-size: 20px;\">In Serbien gibt es viele Orte, an denen Waldschnepfen nisten und bis in den Sp\u00e4therbst bleiben.<\/span><\/h5>\n<h5 style=\"text-align: justify;\"><span style=\"font-family: georgia, palatino, serif; font-size: 20px;\">Nur eine sehr begrenzte Anzahl einheimischer J\u00e4ger jagt Waldschnepfen, da es in der fernen oder j\u00fcngeren Vergangenheit keine Tradition der Waldschnepfenjagd gab.<\/span><\/h5>\n<h5 style=\"text-align: justify;\"><span style=\"font-family: georgia, palatino, serif; font-size: 20px;\">Aufgrund des Klimawandels der letzten Jahre wurde beobachtet, dass immer mehr V\u00f6gel den ganzen Winter \u00fcber in Serbien bleiben.<\/span><\/h5>\n<h5 style=\"text-align: justify;\"><span style=\"font-family: georgia, palatino, serif; font-size: 20px;\">Als begeisterter Waldschnepfenj\u00e4ger habe ich alle Regionen und Berge Serbiens erforscht und hatte die Gelegenheit, dort zu jagen.<\/span><\/h5>\n<h5 style=\"text-align: justify;\"><span style=\"font-family: georgia, palatino, serif; font-size: 20px;\">Seit 12 Jahren f\u00fchre ich regelm\u00e4\u00dfig mein Jagdtagebuch \u00fcber die Waldschnepfenjagd und habe sie w\u00e4hrend der Brutzeit von Mai bis Mitte Juli sowie w\u00e4hrend der Jagdsaison im Oktober, November, Dezember an v\u00f6llig neuen Orten gesehen. Januar<\/span><\/h5>\n<h5 style=\"text-align: justify;\"><span style=\"font-family: georgia, palatino, serif; font-size: 20px;\">Ich habe beschlossen, meinen G\u00e4sten eine v\u00f6llig neue 5-t\u00e4gige Waldschnepfenjagd in drei verschiedenen Regionen anzubieten.<\/span><\/h5>\n<h5 style=\"text-align: justify;\"><span style=\"font-size: 20px;\"><span style=\"font-family: georgia, palatino, serif;\">Pe\u0161ter ist eine weite Hochebene, auf der noch immer Vieh gehalten wird. Sie ist reich an Weiden und Hainbuchen-, Buchen- und Tannenw\u00e4ldern. Sie ist von B\u00e4chen durchzogen und reich an Quellen, was sie zu einem idealen Nist- und Rastplatz f\u00fcr Waldschnepfen bis zum ersten Schneefall macht.<\/span><\/span><\/h5>\n<h5 style=\"text-align: justify;\"><span style=\"font-family: georgia, palatino, serif; font-size: 20px;\">Vlasina ist eine Region von au\u00dfergew\u00f6hnlicher Qualit\u00e4t, reich an Birken-, Buchen- und Nadelw\u00e4ldern. Der See liegt auf 1200 Metern H\u00f6he und wird von zahlreichen kleinen Fl\u00fcssen und B\u00e4chen aus den umliegenden H\u00fcgeln durchflossen.<\/span><\/h5>\n<h5><span style=\"font-family: georgia, palatino, serif; font-size: 20px;\"><br \/>\n<em><span style=\"font-family: georgia, palatino, serif; font-size: 20px;\">Der h\u00f6chste Gipfel der Vlasina liegt 1.800 Meter \u00fcber dem Meeresspiegel und ist reich an endlosen Weiden<\/span><\/em><br \/>\n<em><span style=\"font-family: georgia, palatino, serif; font-size: 20px;\">und Nadelw\u00e4ldern.<\/span><\/em><br \/>\n<em><span style=\"font-family: georgia, palatino, serif; font-size: 20px;\">Von Mai bis Mitte Dezember sind hier zahlreiche Waldschnepfen anzutreffen.<\/span><\/em><br \/>\n<em><span style=\"font-family: georgia, palatino, serif; font-size: 20px;\">Blace und Brus sind zwei kombinierte Jagdreviere mit einer Fl\u00e4che von \u00fcber 90.000 Hektar. Sie befinden sich<\/span><\/em><br \/>\n<em><span style=\"font-family: georgia, palatino, serif; font-size: 20px;\">Genau auf halbem Weg zwischen Pe\u0161ter und Vlasina.<\/span><\/em><br \/>\n<em><span style=\"font-family: georgia, palatino, serif; font-size: 20px;\">Blace ist mein Wohnort und mein h\u00e4ufigster Ort, um Waldschnepfen zu jagen. Es ist eines der sch\u00f6nsten Jagdgebiete Serbiens mit vielen kleinen Schluchten und T\u00e4lern, ges\u00e4umt von Akazien-, Eichen- und Buchenw\u00e4ldern.<\/span><\/em><br \/>\n<em><span style=\"font-family: georgia, palatino, serif; font-size: 20px;\">Wir bieten Ihnen die M\u00f6glichkeit, 5 Tage lang an allen drei Standorten zu jagen.<\/span><\/em><br \/>\n<em><span style=\"font-family: georgia, palatino, serif; font-size: 20px;\">Momi Djenadic<\/span><\/em><\/span><\/h5>\n<h5 style=\"text-align: justify;\"><span style=\"font-family: georgia, palatino, serif; font-size: 20px;\"><em>Das Jagdprogramm dauert 5 Tage und 6 N\u00e4chte f\u00fcr eine Gruppe von mindestens 2 J\u00e4gern.<\/em><\/span><br \/>\n<span style=\"font-family: georgia, palatino, serif; font-size: 20px;\"><em>Pro J\u00e4ger: 1.480 Euro<\/em><\/span><br \/>\n<span style=\"font-family: georgia, palatino, serif; font-size: 20px;\"><em>Das Programm beinhaltet:<\/em><\/span><br \/>\n<span style=\"font-family: georgia, palatino, serif; font-size: 20px;\"><em>&#8211; Abendessen und \u00dcbernachtung am Anreisetag<\/em><\/span><br \/>\n<span style=\"font-family: georgia, palatino, serif; font-size: 20px;\"><em>&#8211; Vollpension (Fr\u00fchst\u00fcck, Mittagessen, Abendessen)<\/em><\/span><br \/>\n<span style=\"font-family: georgia, palatino, serif; font-size: 20px;\"><em>&#8211; 5-t\u00e4gige Jagd<\/em><\/span><br \/>\n<span style=\"font-family: georgia, palatino, serif; font-size: 20px;\"><em>&#8211; Unbegrenztes Schie\u00dfen<\/em><\/span><br \/>\n<span style=\"font-family: georgia, palatino, serif; font-size: 20px;\"><em>&#8211; Steuern<\/em><\/span><br \/>\n<span style=\"font-family: georgia, palatino, serif; font-size: 20px;\"><em>&#8211; Begleitung durch einen Wildh\u00fcter<\/em><\/span><br \/>\n<span style=\"font-family: georgia, palatino, serif; font-size: 20px;\"><em>Nicht im Programm enthalten:<\/em><\/span><br \/>\n<span style=\"font-family: georgia, palatino, serif; font-size: 20px;\"><em>&#8211; Getr\u00e4nke<\/em><\/span><br \/>\n<span style=\"font-family: georgia, palatino, serif; font-size: 20px;\"><em>&#8211; Transport w\u00e4hrend der Jagd \u2013 Jeep f\u00fcr bis zu 3 Personen \u2013 80 Euro pro Tag (nur auf Anfrage)<\/em><\/span><br \/>\n<span style=\"font-family: georgia, palatino, serif; font-size: 20px;\"><em>des Gastes)<\/em><\/span><br \/>\n<span style=\"font-family: georgia, palatino, serif; font-size: 20px;\"><em>&#8211; Einzelzimmer 20 Euro\/Nacht<\/em><\/span><\/h5>\n<h5 style=\"text-align: justify;\"><\/h5>\n<h5 style=\"text-align: justify;\"><span style=\"font-family: georgia, palatino, serif; font-size: 20px;\"><code id=\"envira_shortcode_id_1918\"><div id=\"envira-gallery-wrap-1918\" class=\"envira-gallery-wrap envira-gallery-theme-base envira-lightbox-theme-base_dark\" itemscope itemtype=\"http:\/\/schema.org\/ImageGallery\"><div style=\"opacity: 0.0\"  data-row-height=\"150\" data-justified-margins=\"1\" data-gallery-theme=\"\" id=\"envira-gallery-1918\" class=\"envira-gallery-public envira-gallery-justified-public envira-gallery-0-columns envira-clear envira-gallery-css-animations\" data-envira-columns=\"0\"><div id=\"envira-gallery-item-1919\" class=\"envira-gallery-item enviratope-item envira-gallery-item-1\" style=\"padding-left: 5px; padding-bottom: 10px; padding-right: 5px;\"  itemscope itemtype=\"http:\/\/schema.org\/ImageObject\"><div class=\"envira-gallery-item-inner\"><div class=\"envira-gallery-position-overlay  envira-gallery-top-left\"><\/div><div class=\"envira-gallery-position-overlay  envira-gallery-top-right\"><\/div><div class=\"envira-gallery-position-overlay  envira-gallery-bottom-left\"><\/div><div class=\"envira-gallery-position-overlay  envira-gallery-bottom-right\"><\/div><a  href=\"https:\/\/la-starna.com\/wp-content\/uploads\/2024\/05\/1714814874551.jpg\" class=\"envira-gallery-1918 envira-gallery-link \" rel=\"enviragallery1918\" title=\"1714814874551\" data-envira-caption=\"\" data-envira-retina=\"\" data-thumbnail=\"https:\/\/la-starna.com\/wp-content\/uploads\/2024\/05\/1714814874551-150x100_c.jpg\" data-mobile-thumbnail=\"https:\/\/la-starna.com\/wp-content\/uploads\/2024\/05\/1714814874551-150x100_c.jpg\"  itemprop=\"contentUrl\"><img decoding=\"async\" id=\"envira-gallery-image-1919\" class=\"envira-gallery-image envira-lazy envira-gallery-image-1 envira-\" data-envira-index=\"1\" src=\"https:\/\/la-starna.com\/wp-content\/uploads\/2024\/05\/1714814874551-768x1024-640x480.jpg\" data-envira-src=\"https:\/\/la-starna.com\/wp-content\/uploads\/2024\/05\/1714814874551-768x1024-640x480.jpg\" data-envira-gallery-id=\"1918\" data-envira-item-id=\"1919\" data-envira-caption=\"\" alt=\"\" title=\"1714814874551\"  itemprop=\"thumbnailUrl\" data-envira-srcset=\"https:\/\/la-starna.com\/wp-content\/uploads\/2024\/05\/1714814874551-768x1024-640x480.jpg 1x,https:\/\/la-starna.com\/wp-content\/uploads\/2024\/05\/1714814874551-1280x960.jpg 2x\" srcset=\"https:\/\/la-starna.com\/wp-content\/uploads\/2024\/05\/1714814874551-1280x960.jpg 2x\" \/><\/a><\/div><\/div><div id=\"envira-gallery-item-1920\" class=\"envira-gallery-item enviratope-item envira-gallery-item-2\" style=\"padding-left: 5px; padding-bottom: 10px; padding-right: 5px;\"  itemscope itemtype=\"http:\/\/schema.org\/ImageObject\"><div class=\"envira-gallery-item-inner\"><div class=\"envira-gallery-position-overlay  envira-gallery-top-left\"><\/div><div class=\"envira-gallery-position-overlay  envira-gallery-top-right\"><\/div><div class=\"envira-gallery-position-overlay  envira-gallery-bottom-left\"><\/div><div class=\"envira-gallery-position-overlay  envira-gallery-bottom-right\"><\/div><a  href=\"https:\/\/la-starna.com\/wp-content\/uploads\/2024\/05\/1714814874579.jpg\" class=\"envira-gallery-1918 envira-gallery-link \" rel=\"enviragallery1918\" title=\"1714814874579\" data-envira-caption=\"\" data-envira-retina=\"\" data-thumbnail=\"https:\/\/la-starna.com\/wp-content\/uploads\/2024\/05\/1714814874579-150x100_c.jpg\" data-mobile-thumbnail=\"https:\/\/la-starna.com\/wp-content\/uploads\/2024\/05\/1714814874579-150x100_c.jpg\"  itemprop=\"contentUrl\"><img decoding=\"async\" id=\"envira-gallery-image-1920\" class=\"envira-gallery-image envira-lazy envira-gallery-image-2 envira-\" data-envira-index=\"2\" src=\"https:\/\/la-starna.com\/wp-content\/uploads\/2024\/05\/1714814874579-1000x1024-640x480.jpg\" data-envira-src=\"https:\/\/la-starna.com\/wp-content\/uploads\/2024\/05\/1714814874579-1000x1024-640x480.jpg\" data-envira-gallery-id=\"1918\" data-envira-item-id=\"1920\" data-envira-caption=\"\" alt=\"\" title=\"1714814874579\"  itemprop=\"thumbnailUrl\" data-envira-srcset=\"https:\/\/la-starna.com\/wp-content\/uploads\/2024\/05\/1714814874579-1000x1024-640x480.jpg 1x,https:\/\/la-starna.com\/wp-content\/uploads\/2024\/05\/1714814874579-1280x960.jpg 2x\" srcset=\"https:\/\/la-starna.com\/wp-content\/uploads\/2024\/05\/1714814874579-1280x960.jpg 2x\" \/><\/a><\/div><\/div><div id=\"envira-gallery-item-1921\" class=\"envira-gallery-item enviratope-item envira-gallery-item-3\" style=\"padding-left: 5px; padding-bottom: 10px; padding-right: 5px;\"  itemscope itemtype=\"http:\/\/schema.org\/ImageObject\"><div class=\"envira-gallery-item-inner\"><div class=\"envira-gallery-position-overlay  envira-gallery-top-left\"><\/div><div class=\"envira-gallery-position-overlay  envira-gallery-top-right\"><\/div><div class=\"envira-gallery-position-overlay  envira-gallery-bottom-left\"><\/div><div class=\"envira-gallery-position-overlay  envira-gallery-bottom-right\"><\/div><a  href=\"https:\/\/la-starna.com\/wp-content\/uploads\/2024\/05\/1714814874596.jpg\" class=\"envira-gallery-1918 envira-gallery-link \" rel=\"enviragallery1918\" title=\"1714814874596\" data-envira-caption=\"\" data-envira-retina=\"\" data-thumbnail=\"https:\/\/la-starna.com\/wp-content\/uploads\/2024\/05\/1714814874596-150x100_c.jpg\" data-mobile-thumbnail=\"https:\/\/la-starna.com\/wp-content\/uploads\/2024\/05\/1714814874596-150x100_c.jpg\"  itemprop=\"contentUrl\"><img decoding=\"async\" id=\"envira-gallery-image-1921\" class=\"envira-gallery-image envira-lazy envira-gallery-image-3 envira-\" data-envira-index=\"3\" src=\"https:\/\/la-starna.com\/wp-content\/uploads\/2024\/05\/1714814874596-1024x576-640x480.jpg\" data-envira-src=\"https:\/\/la-starna.com\/wp-content\/uploads\/2024\/05\/1714814874596-1024x576-640x480.jpg\" data-envira-gallery-id=\"1918\" data-envira-item-id=\"1921\" data-envira-caption=\"\" alt=\"\" title=\"1714814874596\"  itemprop=\"thumbnailUrl\" data-envira-srcset=\"https:\/\/la-starna.com\/wp-content\/uploads\/2024\/05\/1714814874596-1024x576-640x480.jpg 1x,https:\/\/la-starna.com\/wp-content\/uploads\/2024\/05\/1714814874596-1280x960.jpg 2x\" srcset=\"https:\/\/la-starna.com\/wp-content\/uploads\/2024\/05\/1714814874596-1280x960.jpg 2x\" \/><\/a><\/div><\/div><div id=\"envira-gallery-item-1922\" class=\"envira-gallery-item enviratope-item envira-gallery-item-4\" style=\"padding-left: 5px; padding-bottom: 10px; padding-right: 5px;\"  itemscope itemtype=\"http:\/\/schema.org\/ImageObject\"><div class=\"envira-gallery-item-inner\"><div class=\"envira-gallery-position-overlay  envira-gallery-top-left\"><\/div><div class=\"envira-gallery-position-overlay  envira-gallery-top-right\"><\/div><div class=\"envira-gallery-position-overlay  envira-gallery-bottom-left\"><\/div><div class=\"envira-gallery-position-overlay  envira-gallery-bottom-right\"><\/div><a  href=\"https:\/\/la-starna.com\/wp-content\/uploads\/2024\/05\/1714814874611.jpg\" class=\"envira-gallery-1918 envira-gallery-link \" rel=\"enviragallery1918\" title=\"1714814874611\" data-envira-caption=\"\" data-envira-retina=\"\" data-thumbnail=\"https:\/\/la-starna.com\/wp-content\/uploads\/2024\/05\/1714814874611-150x100_c.jpg\" data-mobile-thumbnail=\"https:\/\/la-starna.com\/wp-content\/uploads\/2024\/05\/1714814874611-150x100_c.jpg\"  itemprop=\"contentUrl\"><img decoding=\"async\" id=\"envira-gallery-image-1922\" class=\"envira-gallery-image envira-lazy envira-gallery-image-4 envira-\" data-envira-index=\"4\" src=\"https:\/\/la-starna.com\/wp-content\/uploads\/2024\/05\/1714814874611-640x480.jpg\" data-envira-src=\"https:\/\/la-starna.com\/wp-content\/uploads\/2024\/05\/1714814874611-640x480.jpg\" data-envira-gallery-id=\"1918\" data-envira-item-id=\"1922\" data-envira-caption=\"\" alt=\"\" title=\"1714814874611\"  itemprop=\"thumbnailUrl\" data-envira-srcset=\"https:\/\/la-starna.com\/wp-content\/uploads\/2024\/05\/1714814874611-640x480.jpg 1x,https:\/\/la-starna.com\/wp-content\/uploads\/2024\/05\/1714814874611-1280x960.jpg 2x\" srcset=\"https:\/\/la-starna.com\/wp-content\/uploads\/2024\/05\/1714814874611-1280x960.jpg 2x\" \/><\/a><\/div><\/div><div id=\"envira-gallery-item-1923\" class=\"envira-gallery-item enviratope-item envira-gallery-item-5\" style=\"padding-left: 5px; padding-bottom: 10px; padding-right: 5px;\"  itemscope itemtype=\"http:\/\/schema.org\/ImageObject\"><div class=\"envira-gallery-item-inner\"><div class=\"envira-gallery-position-overlay  envira-gallery-top-left\"><\/div><div class=\"envira-gallery-position-overlay  envira-gallery-top-right\"><\/div><div class=\"envira-gallery-position-overlay  envira-gallery-bottom-left\"><\/div><div class=\"envira-gallery-position-overlay  envira-gallery-bottom-right\"><\/div><a  href=\"https:\/\/la-starna.com\/wp-content\/uploads\/2024\/05\/1714814874626.jpg\" class=\"envira-gallery-1918 envira-gallery-link \" rel=\"enviragallery1918\" title=\"1714814874626\" data-envira-caption=\"\" data-envira-retina=\"\" data-thumbnail=\"https:\/\/la-starna.com\/wp-content\/uploads\/2024\/05\/1714814874626-150x100_c.jpg\" data-mobile-thumbnail=\"https:\/\/la-starna.com\/wp-content\/uploads\/2024\/05\/1714814874626-150x100_c.jpg\"  itemprop=\"contentUrl\"><img decoding=\"async\" id=\"envira-gallery-image-1923\" class=\"envira-gallery-image envira-lazy envira-gallery-image-5 envira-\" data-envira-index=\"5\" src=\"https:\/\/la-starna.com\/wp-content\/uploads\/2024\/05\/1714814874626-1024x498-640x480.jpg\" data-envira-src=\"https:\/\/la-starna.com\/wp-content\/uploads\/2024\/05\/1714814874626-1024x498-640x480.jpg\" data-envira-gallery-id=\"1918\" data-envira-item-id=\"1923\" data-envira-caption=\"\" alt=\"\" title=\"1714814874626\"  itemprop=\"thumbnailUrl\" data-envira-srcset=\"https:\/\/la-starna.com\/wp-content\/uploads\/2024\/05\/1714814874626-1024x498-640x480.jpg 1x,https:\/\/la-starna.com\/wp-content\/uploads\/2024\/05\/1714814874626-1280x960.jpg 2x\" srcset=\"https:\/\/la-starna.com\/wp-content\/uploads\/2024\/05\/1714814874626-1280x960.jpg 2x\" \/><\/a><\/div><\/div><div id=\"envira-gallery-item-1924\" class=\"envira-gallery-item enviratope-item envira-gallery-item-6\" style=\"padding-left: 5px; padding-bottom: 10px; padding-right: 5px;\"  itemscope itemtype=\"http:\/\/schema.org\/ImageObject\"><div class=\"envira-gallery-item-inner\"><div class=\"envira-gallery-position-overlay  envira-gallery-top-left\"><\/div><div class=\"envira-gallery-position-overlay  envira-gallery-top-right\"><\/div><div class=\"envira-gallery-position-overlay  envira-gallery-bottom-left\"><\/div><div class=\"envira-gallery-position-overlay  envira-gallery-bottom-right\"><\/div><a  href=\"https:\/\/la-starna.com\/wp-content\/uploads\/2024\/05\/1714814874641.jpg\" class=\"envira-gallery-1918 envira-gallery-link \" rel=\"enviragallery1918\" title=\"1714814874641\" data-envira-caption=\"\" data-envira-retina=\"\" data-thumbnail=\"https:\/\/la-starna.com\/wp-content\/uploads\/2024\/05\/1714814874641-150x100_c.jpg\" data-mobile-thumbnail=\"https:\/\/la-starna.com\/wp-content\/uploads\/2024\/05\/1714814874641-150x100_c.jpg\"  itemprop=\"contentUrl\"><img decoding=\"async\" id=\"envira-gallery-image-1924\" class=\"envira-gallery-image envira-lazy envira-gallery-image-6 envira-\" data-envira-index=\"6\" src=\"https:\/\/la-starna.com\/wp-content\/uploads\/2024\/05\/1714814874641-1024x769-640x480.jpg\" data-envira-src=\"https:\/\/la-starna.com\/wp-content\/uploads\/2024\/05\/1714814874641-1024x769-640x480.jpg\" data-envira-gallery-id=\"1918\" data-envira-item-id=\"1924\" data-envira-caption=\"\" alt=\"\" title=\"1714814874641\"  itemprop=\"thumbnailUrl\" data-envira-srcset=\"https:\/\/la-starna.com\/wp-content\/uploads\/2024\/05\/1714814874641-1024x769-640x480.jpg 1x,https:\/\/la-starna.com\/wp-content\/uploads\/2024\/05\/1714814874641-1280x960.jpg 2x\" srcset=\"https:\/\/la-starna.com\/wp-content\/uploads\/2024\/05\/1714814874641-1280x960.jpg 2x\" \/><\/a><\/div><\/div><div id=\"envira-gallery-item-1925\" class=\"envira-gallery-item enviratope-item envira-gallery-item-7\" style=\"padding-left: 5px; padding-bottom: 10px; padding-right: 5px;\"  itemscope itemtype=\"http:\/\/schema.org\/ImageObject\"><div class=\"envira-gallery-item-inner\"><div class=\"envira-gallery-position-overlay  envira-gallery-top-left\"><\/div><div class=\"envira-gallery-position-overlay  envira-gallery-top-right\"><\/div><div class=\"envira-gallery-position-overlay  envira-gallery-bottom-left\"><\/div><div class=\"envira-gallery-position-overlay  envira-gallery-bottom-right\"><\/div><a  href=\"https:\/\/la-starna.com\/wp-content\/uploads\/2024\/05\/1714814874655.jpg\" class=\"envira-gallery-1918 envira-gallery-link \" rel=\"enviragallery1918\" title=\"1714814874655\" data-envira-caption=\"\" data-envira-retina=\"\" data-thumbnail=\"https:\/\/la-starna.com\/wp-content\/uploads\/2024\/05\/1714814874655-150x100_c.jpg\" data-mobile-thumbnail=\"https:\/\/la-starna.com\/wp-content\/uploads\/2024\/05\/1714814874655-150x100_c.jpg\"  itemprop=\"contentUrl\"><img decoding=\"async\" id=\"envira-gallery-image-1925\" class=\"envira-gallery-image envira-lazy envira-gallery-image-7 envira-\" data-envira-index=\"7\" src=\"https:\/\/la-starna.com\/wp-content\/uploads\/2024\/05\/1714814874655-640x480.jpg\" data-envira-src=\"https:\/\/la-starna.com\/wp-content\/uploads\/2024\/05\/1714814874655-640x480.jpg\" data-envira-gallery-id=\"1918\" data-envira-item-id=\"1925\" data-envira-caption=\"\" alt=\"\" title=\"1714814874655\"  itemprop=\"thumbnailUrl\" data-envira-srcset=\"https:\/\/la-starna.com\/wp-content\/uploads\/2024\/05\/1714814874655-640x480.jpg 1x,https:\/\/la-starna.com\/wp-content\/uploads\/2024\/05\/1714814874655-1280x960.jpg 2x\" srcset=\"https:\/\/la-starna.com\/wp-content\/uploads\/2024\/05\/1714814874655-1280x960.jpg 2x\" \/><\/a><\/div><\/div><div id=\"envira-gallery-item-1926\" class=\"envira-gallery-item enviratope-item envira-gallery-item-8\" style=\"padding-left: 5px; padding-bottom: 10px; padding-right: 5px;\"  itemscope itemtype=\"http:\/\/schema.org\/ImageObject\"><div class=\"envira-gallery-item-inner\"><div class=\"envira-gallery-position-overlay  envira-gallery-top-left\"><\/div><div class=\"envira-gallery-position-overlay  envira-gallery-top-right\"><\/div><div class=\"envira-gallery-position-overlay  envira-gallery-bottom-left\"><\/div><div class=\"envira-gallery-position-overlay  envira-gallery-bottom-right\"><\/div><a  href=\"https:\/\/la-starna.com\/wp-content\/uploads\/2024\/05\/1714814874670.jpg\" class=\"envira-gallery-1918 envira-gallery-link \" rel=\"enviragallery1918\" title=\"1714814874670\" data-envira-caption=\"\" data-envira-retina=\"\" data-thumbnail=\"https:\/\/la-starna.com\/wp-content\/uploads\/2024\/05\/1714814874670-150x100_c.jpg\" data-mobile-thumbnail=\"https:\/\/la-starna.com\/wp-content\/uploads\/2024\/05\/1714814874670-150x100_c.jpg\"  itemprop=\"contentUrl\"><img decoding=\"async\" id=\"envira-gallery-image-1926\" class=\"envira-gallery-image envira-lazy envira-gallery-image-8 envira-\" data-envira-index=\"8\" src=\"https:\/\/la-starna.com\/wp-content\/uploads\/2024\/05\/1714814874670-640x480.jpg\" data-envira-src=\"https:\/\/la-starna.com\/wp-content\/uploads\/2024\/05\/1714814874670-640x480.jpg\" data-envira-gallery-id=\"1918\" data-envira-item-id=\"1926\" data-envira-caption=\"\" alt=\"\" title=\"1714814874670\"  itemprop=\"thumbnailUrl\" data-envira-srcset=\"https:\/\/la-starna.com\/wp-content\/uploads\/2024\/05\/1714814874670-640x480.jpg 1x,https:\/\/la-starna.com\/wp-content\/uploads\/2024\/05\/1714814874670-1280x960.jpg 2x\" srcset=\"https:\/\/la-starna.com\/wp-content\/uploads\/2024\/05\/1714814874670-1280x960.jpg 2x\" \/><\/a><\/div><\/div><div id=\"envira-gallery-item-1927\" class=\"envira-gallery-item enviratope-item envira-gallery-item-9\" style=\"padding-left: 5px; padding-bottom: 10px; padding-right: 5px;\"  itemscope itemtype=\"http:\/\/schema.org\/ImageObject\"><div class=\"envira-gallery-item-inner\"><div class=\"envira-gallery-position-overlay  envira-gallery-top-left\"><\/div><div class=\"envira-gallery-position-overlay  envira-gallery-top-right\"><\/div><div class=\"envira-gallery-position-overlay  envira-gallery-bottom-left\"><\/div><div class=\"envira-gallery-position-overlay  envira-gallery-bottom-right\"><\/div><a  href=\"https:\/\/la-starna.com\/wp-content\/uploads\/2024\/05\/1714814874685.jpg\" class=\"envira-gallery-1918 envira-gallery-link \" rel=\"enviragallery1918\" title=\"1714814874685\" data-envira-caption=\"\" data-envira-retina=\"\" data-thumbnail=\"https:\/\/la-starna.com\/wp-content\/uploads\/2024\/05\/1714814874685-150x100_c.jpg\" data-mobile-thumbnail=\"https:\/\/la-starna.com\/wp-content\/uploads\/2024\/05\/1714814874685-150x100_c.jpg\"  itemprop=\"contentUrl\"><img decoding=\"async\" id=\"envira-gallery-image-1927\" class=\"envira-gallery-image envira-lazy envira-gallery-image-9 envira-\" data-envira-index=\"9\" src=\"https:\/\/la-starna.com\/wp-content\/uploads\/2024\/05\/1714814874685-640x480.jpg\" data-envira-src=\"https:\/\/la-starna.com\/wp-content\/uploads\/2024\/05\/1714814874685-640x480.jpg\" data-envira-gallery-id=\"1918\" data-envira-item-id=\"1927\" data-envira-caption=\"\" alt=\"\" title=\"1714814874685\"  itemprop=\"thumbnailUrl\" data-envira-srcset=\"https:\/\/la-starna.com\/wp-content\/uploads\/2024\/05\/1714814874685-640x480.jpg 1x,https:\/\/la-starna.com\/wp-content\/uploads\/2024\/05\/1714814874685-1280x960.jpg 2x\" srcset=\"https:\/\/la-starna.com\/wp-content\/uploads\/2024\/05\/1714814874685-1280x960.jpg 2x\" \/><\/a><\/div><\/div><div id=\"envira-gallery-item-1928\" class=\"envira-gallery-item enviratope-item envira-gallery-item-10\" style=\"padding-left: 5px; padding-bottom: 10px; padding-right: 5px;\"  itemscope itemtype=\"http:\/\/schema.org\/ImageObject\"><div class=\"envira-gallery-item-inner\"><div class=\"envira-gallery-position-overlay  envira-gallery-top-left\"><\/div><div class=\"envira-gallery-position-overlay  envira-gallery-top-right\"><\/div><div class=\"envira-gallery-position-overlay  envira-gallery-bottom-left\"><\/div><div class=\"envira-gallery-position-overlay  envira-gallery-bottom-right\"><\/div><a  href=\"https:\/\/la-starna.com\/wp-content\/uploads\/2024\/05\/1714814874700.jpg\" class=\"envira-gallery-1918 envira-gallery-link \" rel=\"enviragallery1918\" title=\"1714814874700\" data-envira-caption=\"\" data-envira-retina=\"\" data-thumbnail=\"https:\/\/la-starna.com\/wp-content\/uploads\/2024\/05\/1714814874700-150x100_c.jpg\" data-mobile-thumbnail=\"https:\/\/la-starna.com\/wp-content\/uploads\/2024\/05\/1714814874700-150x100_c.jpg\"  itemprop=\"contentUrl\"><img decoding=\"async\" id=\"envira-gallery-image-1928\" class=\"envira-gallery-image envira-lazy envira-gallery-image-10 envira-\" data-envira-index=\"10\" src=\"https:\/\/la-starna.com\/wp-content\/uploads\/2024\/05\/1714814874700-1024x767-640x480.jpg\" data-envira-src=\"https:\/\/la-starna.com\/wp-content\/uploads\/2024\/05\/1714814874700-1024x767-640x480.jpg\" data-envira-gallery-id=\"1918\" data-envira-item-id=\"1928\" data-envira-caption=\"\" alt=\"\" title=\"1714814874700\"  itemprop=\"thumbnailUrl\" data-envira-srcset=\"https:\/\/la-starna.com\/wp-content\/uploads\/2024\/05\/1714814874700-1024x767-640x480.jpg 1x,https:\/\/la-starna.com\/wp-content\/uploads\/2024\/05\/1714814874700-1280x960.jpg 2x\" srcset=\"https:\/\/la-starna.com\/wp-content\/uploads\/2024\/05\/1714814874700-1280x960.jpg 2x\" \/><\/a><\/div><\/div><div id=\"envira-gallery-item-1929\" class=\"envira-gallery-item enviratope-item envira-gallery-item-11\" style=\"padding-left: 5px; padding-bottom: 10px; padding-right: 5px;\"  itemscope itemtype=\"http:\/\/schema.org\/ImageObject\"><div class=\"envira-gallery-item-inner\"><div class=\"envira-gallery-position-overlay  envira-gallery-top-left\"><\/div><div class=\"envira-gallery-position-overlay  envira-gallery-top-right\"><\/div><div class=\"envira-gallery-position-overlay  envira-gallery-bottom-left\"><\/div><div class=\"envira-gallery-position-overlay  envira-gallery-bottom-right\"><\/div><a  href=\"https:\/\/la-starna.com\/wp-content\/uploads\/2024\/05\/1714814874715.jpg\" class=\"envira-gallery-1918 envira-gallery-link \" rel=\"enviragallery1918\" title=\"1714814874715\" data-envira-caption=\"\" data-envira-retina=\"\" data-thumbnail=\"https:\/\/la-starna.com\/wp-content\/uploads\/2024\/05\/1714814874715-150x100_c.jpg\" data-mobile-thumbnail=\"https:\/\/la-starna.com\/wp-content\/uploads\/2024\/05\/1714814874715-150x100_c.jpg\"  itemprop=\"contentUrl\"><img decoding=\"async\" id=\"envira-gallery-image-1929\" class=\"envira-gallery-image envira-lazy envira-gallery-image-11 envira-\" data-envira-index=\"11\" src=\"https:\/\/la-starna.com\/wp-content\/uploads\/2024\/05\/1714814874715-1024x576-640x480.jpg\" data-envira-src=\"https:\/\/la-starna.com\/wp-content\/uploads\/2024\/05\/1714814874715-1024x576-640x480.jpg\" data-envira-gallery-id=\"1918\" data-envira-item-id=\"1929\" data-envira-caption=\"\" alt=\"\" title=\"1714814874715\"  itemprop=\"thumbnailUrl\" data-envira-srcset=\"https:\/\/la-starna.com\/wp-content\/uploads\/2024\/05\/1714814874715-1024x576-640x480.jpg 1x,https:\/\/la-starna.com\/wp-content\/uploads\/2024\/05\/1714814874715-1280x960.jpg 2x\" srcset=\"https:\/\/la-starna.com\/wp-content\/uploads\/2024\/05\/1714814874715-1280x960.jpg 2x\" \/><\/a><\/div><\/div><div id=\"envira-gallery-item-1930\" class=\"envira-gallery-item enviratope-item envira-gallery-item-12\" style=\"padding-left: 5px; padding-bottom: 10px; padding-right: 5px;\"  itemscope itemtype=\"http:\/\/schema.org\/ImageObject\"><div class=\"envira-gallery-item-inner\"><div class=\"envira-gallery-position-overlay  envira-gallery-top-left\"><\/div><div class=\"envira-gallery-position-overlay  envira-gallery-top-right\"><\/div><div class=\"envira-gallery-position-overlay  envira-gallery-bottom-left\"><\/div><div class=\"envira-gallery-position-overlay  envira-gallery-bottom-right\"><\/div><a  href=\"https:\/\/la-starna.com\/wp-content\/uploads\/2024\/05\/1714814874730.jpg\" class=\"envira-gallery-1918 envira-gallery-link \" rel=\"enviragallery1918\" title=\"1714814874730\" data-envira-caption=\"\" data-envira-retina=\"\" data-thumbnail=\"https:\/\/la-starna.com\/wp-content\/uploads\/2024\/05\/1714814874730-150x100_c.jpg\" data-mobile-thumbnail=\"https:\/\/la-starna.com\/wp-content\/uploads\/2024\/05\/1714814874730-150x100_c.jpg\"  itemprop=\"contentUrl\"><img decoding=\"async\" id=\"envira-gallery-image-1930\" class=\"envira-gallery-image envira-lazy envira-gallery-image-12 envira-\" data-envira-index=\"12\" src=\"https:\/\/la-starna.com\/wp-content\/uploads\/2024\/05\/1714814874730-1024x620-640x480.jpg\" data-envira-src=\"https:\/\/la-starna.com\/wp-content\/uploads\/2024\/05\/1714814874730-1024x620-640x480.jpg\" data-envira-gallery-id=\"1918\" data-envira-item-id=\"1930\" data-envira-caption=\"\" alt=\"\" title=\"1714814874730\"  itemprop=\"thumbnailUrl\" data-envira-srcset=\"https:\/\/la-starna.com\/wp-content\/uploads\/2024\/05\/1714814874730-1024x620-640x480.jpg 1x,https:\/\/la-starna.com\/wp-content\/uploads\/2024\/05\/1714814874730-1280x960.jpg 2x\" srcset=\"https:\/\/la-starna.com\/wp-content\/uploads\/2024\/05\/1714814874730-1280x960.jpg 2x\" \/><\/a><\/div><\/div><div id=\"envira-gallery-item-1931\" class=\"envira-gallery-item enviratope-item envira-gallery-item-13\" style=\"padding-left: 5px; padding-bottom: 10px; padding-right: 5px;\"  itemscope itemtype=\"http:\/\/schema.org\/ImageObject\"><div class=\"envira-gallery-item-inner\"><div class=\"envira-gallery-position-overlay  envira-gallery-top-left\"><\/div><div class=\"envira-gallery-position-overlay  envira-gallery-top-right\"><\/div><div class=\"envira-gallery-position-overlay  envira-gallery-bottom-left\"><\/div><div class=\"envira-gallery-position-overlay  envira-gallery-bottom-right\"><\/div><a  href=\"https:\/\/la-starna.com\/wp-content\/uploads\/2024\/05\/1714814874746.jpg\" class=\"envira-gallery-1918 envira-gallery-link \" rel=\"enviragallery1918\" title=\"1714814874746\" data-envira-caption=\"\" data-envira-retina=\"\" data-thumbnail=\"https:\/\/la-starna.com\/wp-content\/uploads\/2024\/05\/1714814874746-150x100_c.jpg\" data-mobile-thumbnail=\"https:\/\/la-starna.com\/wp-content\/uploads\/2024\/05\/1714814874746-150x100_c.jpg\"  itemprop=\"contentUrl\"><img decoding=\"async\" id=\"envira-gallery-image-1931\" class=\"envira-gallery-image envira-lazy envira-gallery-image-13 envira-\" data-envira-index=\"13\" src=\"https:\/\/la-starna.com\/wp-content\/uploads\/2024\/05\/1714814874746-692x1024-640x480.jpg\" data-envira-src=\"https:\/\/la-starna.com\/wp-content\/uploads\/2024\/05\/1714814874746-692x1024-640x480.jpg\" data-envira-gallery-id=\"1918\" data-envira-item-id=\"1931\" data-envira-caption=\"\" alt=\"\" title=\"1714814874746\"  itemprop=\"thumbnailUrl\" data-envira-srcset=\"https:\/\/la-starna.com\/wp-content\/uploads\/2024\/05\/1714814874746-692x1024-640x480.jpg 1x,https:\/\/la-starna.com\/wp-content\/uploads\/2024\/05\/1714814874746-1280x960.jpg 2x\" srcset=\"https:\/\/la-starna.com\/wp-content\/uploads\/2024\/05\/1714814874746-1280x960.jpg 2x\" \/><\/a><\/div><\/div><div id=\"envira-gallery-item-1932\" class=\"envira-gallery-item enviratope-item envira-gallery-item-14\" style=\"padding-left: 5px; padding-bottom: 10px; padding-right: 5px;\"  itemscope itemtype=\"http:\/\/schema.org\/ImageObject\"><div class=\"envira-gallery-item-inner\"><div class=\"envira-gallery-position-overlay  envira-gallery-top-left\"><\/div><div class=\"envira-gallery-position-overlay  envira-gallery-top-right\"><\/div><div class=\"envira-gallery-position-overlay  envira-gallery-bottom-left\"><\/div><div class=\"envira-gallery-position-overlay  envira-gallery-bottom-right\"><\/div><a  href=\"https:\/\/la-starna.com\/wp-content\/uploads\/2024\/05\/1714814874761.jpg\" class=\"envira-gallery-1918 envira-gallery-link \" rel=\"enviragallery1918\" title=\"1714814874761\" data-envira-caption=\"\" data-envira-retina=\"\" data-thumbnail=\"https:\/\/la-starna.com\/wp-content\/uploads\/2024\/05\/1714814874761-150x100_c.jpg\" data-mobile-thumbnail=\"https:\/\/la-starna.com\/wp-content\/uploads\/2024\/05\/1714814874761-150x100_c.jpg\"  itemprop=\"contentUrl\"><img decoding=\"async\" id=\"envira-gallery-image-1932\" class=\"envira-gallery-image envira-lazy envira-gallery-image-14 envira-\" data-envira-index=\"14\" src=\"https:\/\/la-starna.com\/wp-content\/uploads\/2024\/05\/1714814874761-1024x768-640x480.jpg\" data-envira-src=\"https:\/\/la-starna.com\/wp-content\/uploads\/2024\/05\/1714814874761-1024x768-640x480.jpg\" data-envira-gallery-id=\"1918\" data-envira-item-id=\"1932\" data-envira-caption=\"\" alt=\"\" title=\"1714814874761\"  itemprop=\"thumbnailUrl\" data-envira-srcset=\"https:\/\/la-starna.com\/wp-content\/uploads\/2024\/05\/1714814874761-1024x768-640x480.jpg 1x,https:\/\/la-starna.com\/wp-content\/uploads\/2024\/05\/1714814874761-1280x960.jpg 2x\" srcset=\"https:\/\/la-starna.com\/wp-content\/uploads\/2024\/05\/1714814874761-1280x960.jpg 2x\" \/><\/a><\/div><\/div><\/div><\/div><noscript><img decoding=\"async\" src=\"https:\/\/la-starna.com\/wp-content\/uploads\/2024\/05\/1714814874551.jpg\" alt=\"\" \/><img decoding=\"async\" src=\"https:\/\/la-starna.com\/wp-content\/uploads\/2024\/05\/1714814874579.jpg\" alt=\"\" \/><img decoding=\"async\" src=\"https:\/\/la-starna.com\/wp-content\/uploads\/2024\/05\/1714814874596.jpg\" alt=\"\" \/><img decoding=\"async\" src=\"https:\/\/la-starna.com\/wp-content\/uploads\/2024\/05\/1714814874611.jpg\" alt=\"\" \/><img decoding=\"async\" src=\"https:\/\/la-starna.com\/wp-content\/uploads\/2024\/05\/1714814874626.jpg\" alt=\"\" \/><img decoding=\"async\" src=\"https:\/\/la-starna.com\/wp-content\/uploads\/2024\/05\/1714814874641.jpg\" alt=\"\" \/><img decoding=\"async\" src=\"https:\/\/la-starna.com\/wp-content\/uploads\/2024\/05\/1714814874655.jpg\" alt=\"\" \/><img decoding=\"async\" src=\"https:\/\/la-starna.com\/wp-content\/uploads\/2024\/05\/1714814874670.jpg\" alt=\"\" \/><img decoding=\"async\" src=\"https:\/\/la-starna.com\/wp-content\/uploads\/2024\/05\/1714814874685.jpg\" alt=\"\" \/><img decoding=\"async\" src=\"https:\/\/la-starna.com\/wp-content\/uploads\/2024\/05\/1714814874700.jpg\" alt=\"\" \/><img decoding=\"async\" src=\"https:\/\/la-starna.com\/wp-content\/uploads\/2024\/05\/1714814874715.jpg\" alt=\"\" \/><img decoding=\"async\" src=\"https:\/\/la-starna.com\/wp-content\/uploads\/2024\/05\/1714814874730.jpg\" alt=\"\" \/><img decoding=\"async\" src=\"https:\/\/la-starna.com\/wp-content\/uploads\/2024\/05\/1714814874746.jpg\" alt=\"\" \/><img decoding=\"async\" src=\"https:\/\/la-starna.com\/wp-content\/uploads\/2024\/05\/1714814874761.jpg\" alt=\"\" \/><\/noscript><\/code><\/span><\/h5>\n","protected":false},"excerpt":{"rendered":"<p>Waldschnepfenjagd 01.10.\u201301.02. In Serbien gibt es viele Orte, an denen Waldschnepfen nisten und bis in den Sp\u00e4therbst bleiben. Nur eine sehr begrenzte Anzahl einheimischer J\u00e4ger jagt Waldschnepfen, da es in der fernen oder j\u00fcngeren Vergangenheit keine Tradition der Waldschnepfenjagd gab. Aufgrund des Klimawandels der letzten Jahre wurde beobachtet, dass immer mehr V\u00f6gel den ganzen Winter&#8230;<\/p>\n","protected":false},"author":1,"featured_media":1934,"comment_status":"closed","ping_status":"closed","sticky":false,"template":"","format":"standard","meta":{"_glsr_average":0,"_glsr_ranking":0,"_glsr_reviews":0,"footnotes":""},"categories":[131],"tags":[],"class_list":["post-6692","post","type-post","status-publish","format-standard","has-post-thumbnail","hentry","category-jagd-in-serbien","vs-blog blog-single mb-40"],"yoast_head":"<!-- This site is optimized with the Yoast SEO plugin v24.3 - https:\/\/yoast.com\/wordpress\/plugins\/seo\/ -->\n<title>Waldschnepfenjagd an drei Standorten: Pester-Plateau, Vlasina und Blace-Reservat - La Starna<\/title>\n<meta name=\"robots\" content=\"index, follow, max-snippet:-1, max-image-preview:large, max-video-preview:-1\" \/>\n<link rel=\"canonical\" href=\"https:\/\/la-starna.com\/?p=6692&lang=de\" \/>\n<meta property=\"og:locale\" content=\"en_US\" \/>\n<meta property=\"og:type\" content=\"article\" \/>\n<meta property=\"og:title\" content=\"Waldschnepfenjagd an drei Standorten: Pester-Plateau, Vlasina und Blace-Reservat - La Starna\" \/>\n<meta property=\"og:description\" content=\"Waldschnepfenjagd 01.10.\u201301.02. In Serbien gibt es viele Orte, an denen Waldschnepfen nisten und bis in den Sp\u00e4therbst bleiben. Nur eine sehr begrenzte Anzahl einheimischer J\u00e4ger jagt Waldschnepfen, da es in der fernen oder j\u00fcngeren Vergangenheit keine Tradition der Waldschnepfenjagd gab. Aufgrund des Klimawandels der letzten Jahre wurde beobachtet, dass immer mehr V\u00f6gel den ganzen Winter...\" \/>\n<meta property=\"og:url\" content=\"https:\/\/la-starna.com\/?p=6692&amp;lang=de\" \/>\n<meta property=\"og:site_name\" content=\"La Starna\" \/>\n<meta property=\"article:publisher\" content=\"https:\/\/www.facebook.com\/lastarna\/\" \/>\n<meta property=\"article:published_time\" content=\"2025-07-26T13:26:56+00:00\" \/>\n<meta property=\"article:modified_time\" content=\"2025-07-26T13:33:34+00:00\" \/>\n<meta property=\"og:image\" content=\"https:\/\/la-starna.com\/wp-content\/uploads\/2023\/09\/1714814874641.jpg\" \/>\n\t<meta property=\"og:image:width\" content=\"1600\" \/>\n\t<meta property=\"og:image:height\" content=\"1202\" \/>\n\t<meta property=\"og:image:type\" content=\"image\/jpeg\" \/>\n<meta name=\"author\" content=\"admin\" \/>\n<meta name=\"twitter:card\" content=\"summary_large_image\" \/>\n<meta name=\"twitter:label1\" content=\"Written by\" \/>\n\t<meta name=\"twitter:data1\" content=\"admin\" \/>\n\t<meta name=\"twitter:label2\" content=\"Est. reading time\" \/>\n\t<meta name=\"twitter:data2\" content=\"2 minutes\" \/>\n<script type=\"application\/ld+json\" class=\"yoast-schema-graph\">{\"@context\":\"https:\/\/schema.org\",\"@graph\":[{\"@type\":\"Article\",\"@id\":\"https:\/\/la-starna.com\/?p=6692&lang=de#article\",\"isPartOf\":{\"@id\":\"https:\/\/la-starna.com\/?p=6692&lang=de\"},\"author\":{\"name\":\"admin\",\"@id\":\"https:\/\/la-starna.com\/#\/schema\/person\/7d04cff524e96c92314784eb2f082c63\"},\"headline\":\"Waldschnepfenjagd an drei Standorten: Pester-Plateau, Vlasina und Blace-Reservat\",\"datePublished\":\"2025-07-26T13:26:56+00:00\",\"dateModified\":\"2025-07-26T13:33:34+00:00\",\"mainEntityOfPage\":{\"@id\":\"https:\/\/la-starna.com\/?p=6692&lang=de\"},\"wordCount\":427,\"publisher\":{\"@id\":\"https:\/\/la-starna.com\/#organization\"},\"image\":{\"@id\":\"https:\/\/la-starna.com\/?p=6692&lang=de#primaryimage\"},\"thumbnailUrl\":\"https:\/\/la-starna.com\/wp-content\/uploads\/2023\/09\/1714814874641.jpg\",\"articleSection\":[\"Jagd in Serbien\"],\"inLanguage\":\"en-US\"},{\"@type\":\"WebPage\",\"@id\":\"https:\/\/la-starna.com\/?p=6692&lang=de\",\"url\":\"https:\/\/la-starna.com\/?p=6692&lang=de\",\"name\":\"Waldschnepfenjagd an drei Standorten: Pester-Plateau, Vlasina und Blace-Reservat - La Starna\",\"isPartOf\":{\"@id\":\"https:\/\/la-starna.com\/#website\"},\"primaryImageOfPage\":{\"@id\":\"https:\/\/la-starna.com\/?p=6692&lang=de#primaryimage\"},\"image\":{\"@id\":\"https:\/\/la-starna.com\/?p=6692&lang=de#primaryimage\"},\"thumbnailUrl\":\"https:\/\/la-starna.com\/wp-content\/uploads\/2023\/09\/1714814874641.jpg\",\"datePublished\":\"2025-07-26T13:26:56+00:00\",\"dateModified\":\"2025-07-26T13:33:34+00:00\",\"breadcrumb\":{\"@id\":\"https:\/\/la-starna.com\/?p=6692&lang=de#breadcrumb\"},\"inLanguage\":\"en-US\",\"potentialAction\":[{\"@type\":\"ReadAction\",\"target\":[\"https:\/\/la-starna.com\/?p=6692&lang=de\"]}]},{\"@type\":\"ImageObject\",\"inLanguage\":\"en-US\",\"@id\":\"https:\/\/la-starna.com\/?p=6692&lang=de#primaryimage\",\"url\":\"https:\/\/la-starna.com\/wp-content\/uploads\/2023\/09\/1714814874641.jpg\",\"contentUrl\":\"https:\/\/la-starna.com\/wp-content\/uploads\/2023\/09\/1714814874641.jpg\",\"width\":1600,\"height\":1202},{\"@type\":\"BreadcrumbList\",\"@id\":\"https:\/\/la-starna.com\/?p=6692&lang=de#breadcrumb\",\"itemListElement\":[{\"@type\":\"ListItem\",\"position\":1,\"name\":\"Home\",\"item\":\"https:\/\/la-starna.com\/\"},{\"@type\":\"ListItem\",\"position\":2,\"name\":\"Waldschnepfenjagd an drei Standorten: Pester-Plateau, Vlasina und Blace-Reservat\"}]},{\"@type\":\"WebSite\",\"@id\":\"https:\/\/la-starna.com\/#website\",\"url\":\"https:\/\/la-starna.com\/\",\"name\":\"Centro caccia La Starna\",\"description\":\"Il centro di caccia \u201cLa Starna\u201d\",\"publisher\":{\"@id\":\"https:\/\/la-starna.com\/#organization\"},\"alternateName\":\"Il centro di caccia La Starna\",\"potentialAction\":[{\"@type\":\"SearchAction\",\"target\":{\"@type\":\"EntryPoint\",\"urlTemplate\":\"https:\/\/la-starna.com\/?s={search_term_string}\"},\"query-input\":{\"@type\":\"PropertyValueSpecification\",\"valueRequired\":true,\"valueName\":\"search_term_string\"}}],\"inLanguage\":\"en-US\"},{\"@type\":\"Organization\",\"@id\":\"https:\/\/la-starna.com\/#organization\",\"name\":\"Il centro di caccia La Starna\",\"alternateName\":\"La Starna Blace\",\"url\":\"https:\/\/la-starna.com\/\",\"logo\":{\"@type\":\"ImageObject\",\"inLanguage\":\"en-US\",\"@id\":\"https:\/\/la-starna.com\/#\/schema\/logo\/image\/\",\"url\":\"https:\/\/la-starna.com\/wp-content\/uploads\/2023\/06\/logo-la-starna-e1717317978163.png\",\"contentUrl\":\"https:\/\/la-starna.com\/wp-content\/uploads\/2023\/06\/logo-la-starna-e1717317978163.png\",\"width\":200,\"height\":80,\"caption\":\"Il centro di caccia La Starna\"},\"image\":{\"@id\":\"https:\/\/la-starna.com\/#\/schema\/logo\/image\/\"},\"sameAs\":[\"https:\/\/www.facebook.com\/lastarna\/\"]},{\"@type\":\"Person\",\"@id\":\"https:\/\/la-starna.com\/#\/schema\/person\/7d04cff524e96c92314784eb2f082c63\",\"name\":\"admin\",\"image\":{\"@type\":\"ImageObject\",\"inLanguage\":\"en-US\",\"@id\":\"https:\/\/la-starna.com\/#\/schema\/person\/image\/\",\"url\":\"https:\/\/secure.gravatar.com\/avatar\/79e5a6b8e2d881bb4369a0febba426f349243857a80413eafc6d7b17f1eff7c7?s=96&d=mm&r=g\",\"contentUrl\":\"https:\/\/secure.gravatar.com\/avatar\/79e5a6b8e2d881bb4369a0febba426f349243857a80413eafc6d7b17f1eff7c7?s=96&d=mm&r=g\",\"caption\":\"admin\"},\"sameAs\":[\"https:\/\/la-starna.com\"],\"url\":\"https:\/\/la-starna.com\/?author=1\"}]}<\/script>\n<!-- \/ Yoast SEO plugin. -->","yoast_head_json":{"title":"Waldschnepfenjagd an drei Standorten: Pester-Plateau, Vlasina und Blace-Reservat - La Starna","robots":{"index":"index","follow":"follow","max-snippet":"max-snippet:-1","max-image-preview":"max-image-preview:large","max-video-preview":"max-video-preview:-1"},"canonical":"https:\/\/la-starna.com\/?p=6692&lang=de","og_locale":"en_US","og_type":"article","og_title":"Waldschnepfenjagd an drei Standorten: Pester-Plateau, Vlasina und Blace-Reservat - La Starna","og_description":"Waldschnepfenjagd 01.10.\u201301.02. In Serbien gibt es viele Orte, an denen Waldschnepfen nisten und bis in den Sp\u00e4therbst bleiben. Nur eine sehr begrenzte Anzahl einheimischer J\u00e4ger jagt Waldschnepfen, da es in der fernen oder j\u00fcngeren Vergangenheit keine Tradition der Waldschnepfenjagd gab. Aufgrund des Klimawandels der letzten Jahre wurde beobachtet, dass immer mehr V\u00f6gel den ganzen Winter...","og_url":"https:\/\/la-starna.com\/?p=6692&lang=de","og_site_name":"La Starna","article_publisher":"https:\/\/www.facebook.com\/lastarna\/","article_published_time":"2025-07-26T13:26:56+00:00","article_modified_time":"2025-07-26T13:33:34+00:00","og_image":[{"width":1600,"height":1202,"url":"https:\/\/la-starna.com\/wp-content\/uploads\/2023\/09\/1714814874641.jpg","type":"image\/jpeg"}],"author":"admin","twitter_card":"summary_large_image","twitter_misc":{"Written by":"admin","Est. reading time":"2 minutes"},"schema":{"@context":"https:\/\/schema.org","@graph":[{"@type":"Article","@id":"https:\/\/la-starna.com\/?p=6692&lang=de#article","isPartOf":{"@id":"https:\/\/la-starna.com\/?p=6692&lang=de"},"author":{"name":"admin","@id":"https:\/\/la-starna.com\/#\/schema\/person\/7d04cff524e96c92314784eb2f082c63"},"headline":"Waldschnepfenjagd an drei Standorten: Pester-Plateau, Vlasina und Blace-Reservat","datePublished":"2025-07-26T13:26:56+00:00","dateModified":"2025-07-26T13:33:34+00:00","mainEntityOfPage":{"@id":"https:\/\/la-starna.com\/?p=6692&lang=de"},"wordCount":427,"publisher":{"@id":"https:\/\/la-starna.com\/#organization"},"image":{"@id":"https:\/\/la-starna.com\/?p=6692&lang=de#primaryimage"},"thumbnailUrl":"https:\/\/la-starna.com\/wp-content\/uploads\/2023\/09\/1714814874641.jpg","articleSection":["Jagd in Serbien"],"inLanguage":"en-US"},{"@type":"WebPage","@id":"https:\/\/la-starna.com\/?p=6692&lang=de","url":"https:\/\/la-starna.com\/?p=6692&lang=de","name":"Waldschnepfenjagd an drei Standorten: Pester-Plateau, Vlasina und Blace-Reservat - La Starna","isPartOf":{"@id":"https:\/\/la-starna.com\/#website"},"primaryImageOfPage":{"@id":"https:\/\/la-starna.com\/?p=6692&lang=de#primaryimage"},"image":{"@id":"https:\/\/la-starna.com\/?p=6692&lang=de#primaryimage"},"thumbnailUrl":"https:\/\/la-starna.com\/wp-content\/uploads\/2023\/09\/1714814874641.jpg","datePublished":"2025-07-26T13:26:56+00:00","dateModified":"2025-07-26T13:33:34+00:00","breadcrumb":{"@id":"https:\/\/la-starna.com\/?p=6692&lang=de#breadcrumb"},"inLanguage":"en-US","potentialAction":[{"@type":"ReadAction","target":["https:\/\/la-starna.com\/?p=6692&lang=de"]}]},{"@type":"ImageObject","inLanguage":"en-US","@id":"https:\/\/la-starna.com\/?p=6692&lang=de#primaryimage","url":"https:\/\/la-starna.com\/wp-content\/uploads\/2023\/09\/1714814874641.jpg","contentUrl":"https:\/\/la-starna.com\/wp-content\/uploads\/2023\/09\/1714814874641.jpg","width":1600,"height":1202},{"@type":"BreadcrumbList","@id":"https:\/\/la-starna.com\/?p=6692&lang=de#breadcrumb","itemListElement":[{"@type":"ListItem","position":1,"name":"Home","item":"https:\/\/la-starna.com\/"},{"@type":"ListItem","position":2,"name":"Waldschnepfenjagd an drei Standorten: Pester-Plateau, Vlasina und Blace-Reservat"}]},{"@type":"WebSite","@id":"https:\/\/la-starna.com\/#website","url":"https:\/\/la-starna.com\/","name":"Centro caccia La Starna","description":"Il centro di caccia \u201cLa Starna\u201d","publisher":{"@id":"https:\/\/la-starna.com\/#organization"},"alternateName":"Il centro di caccia La Starna","potentialAction":[{"@type":"SearchAction","target":{"@type":"EntryPoint","urlTemplate":"https:\/\/la-starna.com\/?s={search_term_string}"},"query-input":{"@type":"PropertyValueSpecification","valueRequired":true,"valueName":"search_term_string"}}],"inLanguage":"en-US"},{"@type":"Organization","@id":"https:\/\/la-starna.com\/#organization","name":"Il centro di caccia La Starna","alternateName":"La Starna Blace","url":"https:\/\/la-starna.com\/","logo":{"@type":"ImageObject","inLanguage":"en-US","@id":"https:\/\/la-starna.com\/#\/schema\/logo\/image\/","url":"https:\/\/la-starna.com\/wp-content\/uploads\/2023\/06\/logo-la-starna-e1717317978163.png","contentUrl":"https:\/\/la-starna.com\/wp-content\/uploads\/2023\/06\/logo-la-starna-e1717317978163.png","width":200,"height":80,"caption":"Il centro di caccia La Starna"},"image":{"@id":"https:\/\/la-starna.com\/#\/schema\/logo\/image\/"},"sameAs":["https:\/\/www.facebook.com\/lastarna\/"]},{"@type":"Person","@id":"https:\/\/la-starna.com\/#\/schema\/person\/7d04cff524e96c92314784eb2f082c63","name":"admin","image":{"@type":"ImageObject","inLanguage":"en-US","@id":"https:\/\/la-starna.com\/#\/schema\/person\/image\/","url":"https:\/\/secure.gravatar.com\/avatar\/79e5a6b8e2d881bb4369a0febba426f349243857a80413eafc6d7b17f1eff7c7?s=96&d=mm&r=g","contentUrl":"https:\/\/secure.gravatar.com\/avatar\/79e5a6b8e2d881bb4369a0febba426f349243857a80413eafc6d7b17f1eff7c7?s=96&d=mm&r=g","caption":"admin"},"sameAs":["https:\/\/la-starna.com"],"url":"https:\/\/la-starna.com\/?author=1"}]}},"lang":"de","translations":{"de":6692,"en":6556,"it":122,"fr":6834,"es":6968},"pll_sync_post":[],"_links":{"self":[{"href":"https:\/\/la-starna.com\/index.php?rest_route=\/wp\/v2\/posts\/6692","targetHints":{"allow":["GET"]}}],"collection":[{"href":"https:\/\/la-starna.com\/index.php?rest_route=\/wp\/v2\/posts"}],"about":[{"href":"https:\/\/la-starna.com\/index.php?rest_route=\/wp\/v2\/types\/post"}],"author":[{"embeddable":true,"href":"https:\/\/la-starna.com\/index.php?rest_route=\/wp\/v2\/users\/1"}],"replies":[{"embeddable":true,"href":"https:\/\/la-starna.com\/index.php?rest_route=%2Fwp%2Fv2%2Fcomments&post=6692"}],"version-history":[{"count":1,"href":"https:\/\/la-starna.com\/index.php?rest_route=\/wp\/v2\/posts\/6692\/revisions"}],"predecessor-version":[{"id":6693,"href":"https:\/\/la-starna.com\/index.php?rest_route=\/wp\/v2\/posts\/6692\/revisions\/6693"}],"wp:featuredmedia":[{"embeddable":true,"href":"https:\/\/la-starna.com\/index.php?rest_route=\/wp\/v2\/media\/1934"}],"wp:attachment":[{"href":"https:\/\/la-starna.com\/index.php?rest_route=%2Fwp%2Fv2%2Fmedia&parent=6692"}],"wp:term":[{"taxonomy":"category","embeddable":true,"href":"https:\/\/la-starna.com\/index.php?rest_route=%2Fwp%2Fv2%2Fcategories&post=6692"},{"taxonomy":"post_tag","embeddable":true,"href":"https:\/\/la-starna.com\/index.php?rest_route=%2Fwp%2Fv2%2Ftags&post=6692"}],"curies":[{"name":"wp","href":"https:\/\/api.w.org\/{rel}","templated":true}]}}